{"id":1468,"__str__":"INDICA\u00c7\u00d5ES n\u00ba 302 de 2021","link_detail_backend":"/materia/1468","metadata":{},"numero":302,"ano":2021,"numero_protocolo":null,"data_apresentacao":"2021-08-10","tipo_apresentacao":"E","data_publicacao":"2021-11-05","numero_origem_externa":"094","ano_origem_externa":2021,"data_origem_externa":"2021-11-05","apelido":"","dias_prazo":null,"data_fim_prazo":null,"em_tramitacao":true,"polemica":false,"objeto":"","complementar":true,"ementa":"Exm\u00ba. Sr. Presidente da C\u00e2mara Municipal de Pocon\u00e9-MT.\r\nO Vereador que a esta subscreve, nos termos do Regimento Interno da \r\nCasa, INDICA as Suas Excel\u00eancias Ata\u00edl Marques do Amaral, Prefeito Municipal, Ilma \r\nRegina Figueiredo Arruda, Secret\u00e1ria Municipal de Sa\u00fade, buscar entendimentos e \r\ntomadas de provid\u00eancias para amplia\u00e7\u00e3o de salas do PSF Santa Tereza, cidade de \r\nPocon\u00e9 \u2013 MT.","indexacao":"","observacao":"","resultado":"","texto_original":"http://sapl.pocone.mt.leg.br/media/sapl/public/materialegislativa/2021/1468/indicacao_-_no_094-2021.pdf","data_ultima_atualizacao":"2021-11-05T13:30:10.283858-03:00","ip":"201.71.140.251","ultima_edicao":"2021-11-05T13:23:56.710056-03:00","tipo":7,"regime_tramitacao":1,"tipo_origem_externa":7,"local_origem_externa":1,"user":7,"anexadas":[],"autores":[21]}