{"id":1467,"__str__":"INDICA\u00c7\u00d5ES n\u00ba 301 de 2021","link_detail_backend":"/materia/1467","metadata":{},"numero":301,"ano":2021,"numero_protocolo":null,"data_apresentacao":"2021-08-03","tipo_apresentacao":"E","data_publicacao":"2021-11-05","numero_origem_externa":"093","ano_origem_externa":2021,"data_origem_externa":"2021-11-05","apelido":"","dias_prazo":null,"data_fim_prazo":null,"em_tramitacao":true,"polemica":false,"objeto":"","complementar":true,"ementa":"Exm\u00ba. Sr. Presidente da C\u00e2mara Municipal de Pocon\u00e9-MT.\r\nO Vereador que a esta subscreve, nos termos do Regimento Interno da \r\nCasa, INDICA as Suas Excel\u00eancias Senhores Atail Marques do Amaral, Prefeito \r\nMunicipal, Secret\u00e1ria Municipal de A\u00e7\u00e3o Social, Emprego e Renda, Joelma Gomes da \r\nSilva, a necessidade de buscar entendimentos e tomadas de provid\u00eancias necess\u00e1rias, \r\njunto ao Governo do Estado/Secret\u00e1ria de Estado de Assist\u00eancia Social, a fim de \r\ncadastrar fam\u00edlias Ribeirinhas das regi\u00f5es Piraim, Porto Mangueiral, Moquem, Porto \r\nda Manga, Porto Jofre, S\u00e3o Jo\u00e3o, com a finalidade de serem beneficiados com o \r\nCart\u00e3o Ser Fam\u00edlia Emergencial e com cestas b\u00e1sicas, verduras, filtros para \u00e1gua, \r\ncobertores, em raz\u00e3o de que estas fam\u00edlias encaixam e necessita desses benef\u00edcios.","indexacao":"","observacao":"","resultado":"","texto_original":"http://sapl.pocone.mt.leg.br/media/sapl/public/materialegislativa/2021/1467/indicacao_-_no_093-2021.pdf","data_ultima_atualizacao":"2021-11-05T13:23:41.782875-03:00","ip":"201.71.140.251","ultima_edicao":"2021-11-05T13:22:42.269952-03:00","tipo":7,"regime_tramitacao":1,"tipo_origem_externa":7,"local_origem_externa":1,"user":7,"anexadas":[],"autores":[21]}