{"id":1466,"__str__":"INDICA\u00c7\u00d5ES n\u00ba 300 de 2021","link_detail_backend":"/materia/1466","metadata":{},"numero":300,"ano":2021,"numero_protocolo":null,"data_apresentacao":"2021-07-13","tipo_apresentacao":"E","data_publicacao":"2021-11-05","numero_origem_externa":"092","ano_origem_externa":2021,"data_origem_externa":"2021-11-05","apelido":"","dias_prazo":null,"data_fim_prazo":null,"em_tramitacao":true,"polemica":false,"objeto":"","complementar":true,"ementa":"Exm\u00ba. Sr. Presidente da C\u00e2mara Municipal de Pocon\u00e9-MT. \r\nO vereador que a esta subscreve, nos termos do Regimento Interno da Casa, \r\nouvido o Plen\u00e1rio, Reitera as Suas Excel\u00eancias o Senhor Ata\u00edl Marques do Amaral, Prefeito \r\nMunicipal, Senhor Ney Rondon Marques, Secret\u00e1rio Municipal de Infraestrutura, Empresa \r\n\u00c1guas de Pocon\u00e9 a necessidade de buscar entendimentos e tomadas de providencias para \r\natender as fam\u00edlias residentes no Programa de Assentamento Matadouro/Nossa Terra Nossa \r\nGente com rede de distribui\u00e7\u00e3o de \u00e1gua.","indexacao":"","observacao":"","resultado":"","texto_original":"http://sapl.pocone.mt.leg.br/media/sapl/public/materialegislativa/2021/1466/indicacao_-_no_092-2021.pdf","data_ultima_atualizacao":"2021-11-05T13:22:04.263241-03:00","ip":"201.71.140.251","ultima_edicao":"2021-11-05T13:21:19.528790-03:00","tipo":7,"regime_tramitacao":1,"tipo_origem_externa":7,"local_origem_externa":1,"user":7,"anexadas":[],"autores":[21]}