{"id":1462,"__str__":"INDICA\u00c7\u00d5ES n\u00ba 296 de 2021","link_detail_backend":"/materia/1462","metadata":{},"numero":296,"ano":2021,"numero_protocolo":null,"data_apresentacao":"2021-06-29","tipo_apresentacao":"E","data_publicacao":"2021-11-05","numero_origem_externa":"088","ano_origem_externa":2021,"data_origem_externa":"2021-11-05","apelido":"","dias_prazo":null,"data_fim_prazo":null,"em_tramitacao":true,"polemica":false,"objeto":"","complementar":true,"ementa":"Exm\u00ba. Sr. Presidente da C\u00e2mara Municipal de Pocon\u00e9-MT.\r\n \r\nO Vereador que a esta subscreve, nos termos do Regimento Interno da \r\nCasa, INDICA as Suas Excel\u00eancias Ata\u00edl Marques do Amaral, Prefeito Municipal, Ney \r\nRondon Marques, Secret\u00e1rio Municipal de Infraestrutura, buscar entendimentos \r\njunto a Deputados Estaduais, Federais, Senadores, e/ou atrav\u00e9s de recursos pr\u00f3prios \r\nadequar/revitalizar com servi\u00e7os de jardinagem, ilumina\u00e7\u00e3o e outras melhorias na \r\nPra\u00e7a da Bandeira, com extens\u00e3o de canteiro at\u00e9 o PSF Central.","indexacao":"","observacao":"","resultado":"","texto_original":"http://sapl.pocone.mt.leg.br/media/sapl/public/materialegislativa/2021/1462/indicacao_-_no_088-2021.pdf","data_ultima_atualizacao":"2021-11-05T13:11:04.819092-03:00","ip":"201.71.140.251","ultima_edicao":"2021-11-05T13:09:41.391623-03:00","tipo":7,"regime_tramitacao":1,"tipo_origem_externa":7,"local_origem_externa":1,"user":7,"anexadas":[],"autores":[21]}