{"id":1451,"__str__":"INDICA\u00c7\u00d5ES n\u00ba 285 de 2021","link_detail_backend":"/materia/1451","metadata":{},"numero":285,"ano":2021,"numero_protocolo":null,"data_apresentacao":"2021-06-15","tipo_apresentacao":"E","data_publicacao":"2021-11-05","numero_origem_externa":"077","ano_origem_externa":2021,"data_origem_externa":null,"apelido":"","dias_prazo":null,"data_fim_prazo":null,"em_tramitacao":true,"polemica":false,"objeto":"","complementar":true,"ementa":"Exm\u00ba. Sr. Presidente da C\u00e2mara Municipal de Pocon\u00e9-MT. \r\n \r\nOs Vereadores que a esta subscreve, nos termos do Regimento Interno da \r\nCasa, INDICAM as Suas Excel\u00eancias Senhores Ata\u00edl Marques do Amaral, Prefeito Municipal, \r\nNey Rondon Marques, Secret\u00e1rio Municipal de Infraestrutura, no sentido de buscar \r\nentendimentos, tomadas de provid\u00eancias, para assegurar recursos financeiros destinados \r\npara reforma e revitaliza\u00e7\u00e3o da Pra\u00e7a P\u00fablica \u201cS\u00e3o Francisco de Assis\u201d, localizada no bairro \r\nCidade Rosa/Cohab Nova, cidade de Pocon\u00e9-MT.","indexacao":"","observacao":"","resultado":"","texto_original":"http://sapl.pocone.mt.leg.br/media/sapl/public/materialegislativa/2021/1451/indicacao_-_no_077-2021.pdf","data_ultima_atualizacao":"2021-11-05T12:46:44.641238-03:00","ip":"201.71.140.251","ultima_edicao":"2021-11-05T12:45:48.057317-03:00","tipo":7,"regime_tramitacao":1,"tipo_origem_externa":7,"local_origem_externa":1,"user":7,"anexadas":[],"autores":[21]}