{"id":1442,"__str__":"INDICA\u00c7\u00d5ES n\u00ba 276 de 2021","link_detail_backend":"/materia/1442","metadata":{},"numero":276,"ano":2021,"numero_protocolo":null,"data_apresentacao":"2021-06-01","tipo_apresentacao":"E","data_publicacao":"2021-11-05","numero_origem_externa":"068","ano_origem_externa":2021,"data_origem_externa":"2021-05-31","apelido":"","dias_prazo":null,"data_fim_prazo":null,"em_tramitacao":true,"polemica":false,"objeto":"","complementar":true,"ementa":"Exm\u00ba. Sr. Presidente da C\u00e2mara Municipal de Pocon\u00e9-MT. \r\n \r\nO vereador que a esta subscreve, nos termos do Regimento Interno da \r\nCasa, INDICA as Suas Excel\u00eancias Ata\u00edl Marques do Amaral, Prefeito Municipal, \r\nOrnella Ros\u00e1rio Proen\u00e7a Moraes Falc\u00e3o, Secret\u00e1ria Municipal de Educa\u00e7\u00e3o, Manoel \r\nSalvador Pereira Leite, Secret\u00e1rio Municipal de Turismo, Deputados Estaduais \r\nJana\u00edna Riva e Doutor Jo\u00e3o, buscar entendimentos e tomadas de provid\u00eancias junto \r\nao Governo Estadual/Secretaria de Estado de Turismo, para viabilizar celebra\u00e7\u00e3o de \r\nconv\u00eanio entre o Governo do Estado/Secretaria de Estado de Turismo, Instituto \r\nFederal de Mato Grosso \u2013 IFMT e a Prefeitura Municipal de Pocon\u00e9, para possibilitar \r\nrealiza\u00e7\u00e3o de Curso de Capacita\u00e7\u00e3o voltados aos Jovens na \u00e1rea de Turismo e \r\nServi\u00e7os, na Unidade da IFMT/N\u00facleo Munic\u00edpio de Pocon\u00e9 \u2013 MT.","indexacao":"","observacao":"","resultado":"","texto_original":"http://sapl.pocone.mt.leg.br/media/sapl/public/materialegislativa/2021/1442/indicacao_-_no_068-2021.pdf","data_ultima_atualizacao":"2021-11-05T12:31:21.776906-03:00","ip":"201.71.140.251","ultima_edicao":"2021-11-05T12:29:30.523200-03:00","tipo":7,"regime_tramitacao":1,"tipo_origem_externa":7,"local_origem_externa":1,"user":7,"anexadas":[],"autores":[21]}