{"id":1433,"__str__":"INDICA\u00c7\u00d5ES n\u00ba 267 de 2021","link_detail_backend":"/materia/1433","metadata":{},"numero":267,"ano":2021,"numero_protocolo":null,"data_apresentacao":"2021-05-25","tipo_apresentacao":"E","data_publicacao":"2021-08-25","numero_origem_externa":"059","ano_origem_externa":2021,"data_origem_externa":"2021-05-21","apelido":"","dias_prazo":null,"data_fim_prazo":null,"em_tramitacao":true,"polemica":false,"objeto":"","complementar":true,"ementa":"Exm\u00ba. Sr. Presidente da C\u00e2mara Municipal de Pocon\u00e9-MT.\r\n Os vereadores que a esta subscreve, nos termos do Regimento Interno\r\nda Casa, ouvido o Plen\u00e1rio, Indicam as Suas Excel\u00eancias o Senhor Ata\u00edl Marques do\r\nAmaral, Prefeito Municipal, Senhora Ornella Ros\u00e1rio Proen\u00e7a Moraes Falc\u00e3o,\r\nSecret\u00e1ria Municipal de Educa\u00e7\u00e3o, Secret\u00e1rio de Estado de Educa\u00e7\u00e3o, Alan Porto,\r\nDeputados Estaduais Janaina Riva, Tiago Silva, Doutor Jo\u00e3o, a necessidade de\r\nbuscar entendimentos e tomadas de providencias junto ao Instituto Federal e\r\nTecnol\u00f3gico de Mato Grosso \u2013 IFMT e ao N\u00facleo Avan\u00e7ado Pesquisa do Pantanal de\r\nPocon\u00e9 \u2013 NAPAN, visando parceria para reabertura e realiza\u00e7\u00e3o de cursos na\r\nestrutura do IFMT, do munic\u00edpio de Pocon\u00e9 \u2013 MT.","indexacao":"","observacao":"","resultado":"","texto_original":"http://sapl.pocone.mt.leg.br/media/sapl/public/materialegislativa/2021/1433/indicacao_-_no_059-2021.pdf","data_ultima_atualizacao":"2021-08-25T13:51:30.127981-03:00","ip":"201.71.140.251","ultima_edicao":"2021-08-25T13:50:45.414807-03:00","tipo":7,"regime_tramitacao":1,"tipo_origem_externa":7,"local_origem_externa":1,"user":7,"anexadas":[],"autores":[21]}