{"id":1417,"__str__":"INDICA\u00c7\u00d5ES n\u00ba 251 de 2021","link_detail_backend":"/materia/1417","metadata":{},"numero":251,"ano":2021,"numero_protocolo":null,"data_apresentacao":"2021-08-10","tipo_apresentacao":"E","data_publicacao":"2021-08-25","numero_origem_externa":"003","ano_origem_externa":2021,"data_origem_externa":"2021-08-09","apelido":"","dias_prazo":null,"data_fim_prazo":null,"em_tramitacao":true,"polemica":false,"objeto":"","complementar":true,"ementa":"Exm\u00ba. Sr. Presidente da C\u00e2mara Municipal de Pocon\u00e9-MT.\r\nO Vereador que a este subscreve, nos termos do Regimento Interno da\r\nCasa, ouvindo o Plen\u00e1rio, INDICA as Suas Excel\u00eancias Ata\u00edl Marques do Amaral, Prefeito\r\nMunicipal, Ney Rondon Marques, Secret\u00e1rio Municipal de Infraestrutura, Jos\u00e9 Joadir\r\nAmaral J\u00fanior, Secret\u00e1rio Municipal de Desenvolvimento Urbano, buscar entendimentos\r\ne tomadas de provid\u00eancias para vistoriar se Cones instalados em vias p\u00fablicas foram\r\nfeitas com a devida autoriza\u00e7\u00e3o do setor competente e se n\u00e3o h\u00e1 cones instalados em\r\nlocais n\u00e3o apropriados.","indexacao":"","observacao":"","resultado":"","texto_original":"http://sapl.pocone.mt.leg.br/media/sapl/public/materialegislativa/2021/1417/indicacao_no_003-_-_2021.pdf","data_ultima_atualizacao":"2021-08-25T13:03:54.982265-03:00","ip":"201.71.140.251","ultima_edicao":"2021-08-25T13:03:20.089575-03:00","tipo":7,"regime_tramitacao":1,"tipo_origem_externa":7,"local_origem_externa":1,"user":7,"anexadas":[],"autores":[25]}