{"id":1364,"__str__":"INDICA\u00c7\u00d5ES n\u00ba 198 de 2021","link_detail_backend":"/materia/1364","metadata":{},"numero":198,"ano":2021,"numero_protocolo":null,"data_apresentacao":"2021-06-08","tipo_apresentacao":"E","data_publicacao":"2021-08-23","numero_origem_externa":"017","ano_origem_externa":2021,"data_origem_externa":"2021-06-07","apelido":"","dias_prazo":null,"data_fim_prazo":null,"em_tramitacao":true,"polemica":false,"objeto":"","complementar":true,"ementa":"Exm\u00ba. Sr. Presidente da C\u00e2mara Municipal de Pocon\u00e9-MT.\r\n A Vereadora que a esta subscreve, nos termos do Regimento Interno da\r\nCasa, Indica as Suas Excel\u00eancias Ata\u00edl Marques do Amaral, Prefeito Municipal, Ilma\r\nRegina Figueiredo Arruda, Secret\u00e1ria Municipal de Sa\u00fade, tomadas de provid\u00eancias\r\npara efetuar manuten\u00e7\u00e3o ou troca dos aparelhos de ar condicionados da unidade de\r\nsa\u00fade do Bairro S\u00e3o Benedito, cidade de Pocon\u00e9 - MT.","indexacao":"","observacao":"","resultado":"","texto_original":"http://sapl.pocone.mt.leg.br/media/sapl/public/materialegislativa/2021/1364/indicacao_no_017-2021..pdf","data_ultima_atualizacao":"2021-08-23T09:33:28.021542-03:00","ip":"201.71.140.251","ultima_edicao":"2021-08-23T09:32:34.259883-03:00","tipo":7,"regime_tramitacao":1,"tipo_origem_externa":7,"local_origem_externa":1,"user":7,"anexadas":[],"autores":[26]}