{"id":1361,"__str__":"INDICA\u00c7\u00d5ES n\u00ba 195 de 2021","link_detail_backend":"/materia/1361","metadata":{},"numero":195,"ano":2021,"numero_protocolo":null,"data_apresentacao":"2021-05-11","tipo_apresentacao":"E","data_publicacao":"2021-08-13","numero_origem_externa":"014","ano_origem_externa":2021,"data_origem_externa":"2021-05-11","apelido":"","dias_prazo":null,"data_fim_prazo":null,"em_tramitacao":true,"polemica":false,"objeto":"","complementar":true,"ementa":"Exm\u00ba. Sr. Presidente da C\u00e2mara Municipal de Pocon\u00e9-MT.\r\n A Vereadora que a esta subscreve, nos termos do Regimento Interno da\r\nCasa, Indica as Suas Excel\u00eancias Senhor Ata\u00edl Marques do Amaral, Prefeito Municipal,\r\nIlma Regina Figueiredo Arruda, Secret\u00e1ria Municipal de Sa\u00fade, no sentido de buscar\r\nentendimentos e tomadas de provid\u00eancias para a inclus\u00e3o dos Conselheiros Tutelares\r\nnos grupos de prioridade para a vacina\u00e7\u00e3o contra a Pandemia Novo Coronav\u00edrus \u2013 Covid\r\n19.","indexacao":"","observacao":"","resultado":"","texto_original":"http://sapl.pocone.mt.leg.br/media/sapl/public/materialegislativa/2021/1361/indicacao_no_014-2021..pdf","data_ultima_atualizacao":"2021-08-13T10:42:21.775650-03:00","ip":"201.71.140.251","ultima_edicao":"2021-08-13T10:41:45.910076-03:00","tipo":7,"regime_tramitacao":1,"tipo_origem_externa":7,"local_origem_externa":1,"user":7,"anexadas":[],"autores":[26]}