{"id":1351,"__str__":"INDICA\u00c7\u00d5ES n\u00ba 185 de 2021","link_detail_backend":"/materia/1351","metadata":{},"numero":185,"ano":2021,"numero_protocolo":null,"data_apresentacao":"2021-05-18","tipo_apresentacao":"E","data_publicacao":"2021-08-13","numero_origem_externa":"001","ano_origem_externa":2021,"data_origem_externa":"2021-05-18","apelido":"","dias_prazo":null,"data_fim_prazo":null,"em_tramitacao":true,"polemica":false,"objeto":"","complementar":true,"ementa":"Exm\u00ba. Sr\u00ba. Presidente da C\u00e2mara Municipal de Pocon\u00e9-MT.\r\nO Vereador que a esta subscreve, nos termos do Regimento Interno da\r\nCasa, ouvido o Plen\u00e1rio, Reitera as Suas Excel\u00eancias Senhor Ata\u00edl Marques do Amaral,\r\nPrefeito Municipal, Senhora Ilma Regina Figueiredo Arruda, Secret\u00e1ria Municipal de\r\nSa\u00fade, proposi\u00e7\u00e3o j\u00e1 apresentada e aprovada nesta Casa Legislativa, no sentido de\r\nbuscar entendimentos e tomadas de providencias para atender com vacina\u00e7\u00e3o da\r\npandemia do Novo Coronav\u00edrus \u2013 COVID 19, aos profissionais da Assist\u00eancia Social.","indexacao":"","observacao":"","resultado":"","texto_original":"http://sapl.pocone.mt.leg.br/media/sapl/public/materialegislativa/2021/1351/indicacao_no_001-_2021.pdf","data_ultima_atualizacao":"2021-08-13T09:56:38.327719-03:00","ip":"201.71.140.251","ultima_edicao":"2021-08-13T09:55:36.898037-03:00","tipo":7,"regime_tramitacao":1,"tipo_origem_externa":7,"local_origem_externa":1,"user":7,"anexadas":[],"autores":[23]}