{"id":1334,"__str__":"INDICA\u00c7\u00d5ES n\u00ba 168 de 2021","link_detail_backend":"/materia/1334","metadata":{},"numero":168,"ano":2021,"numero_protocolo":null,"data_apresentacao":"2021-04-27","tipo_apresentacao":"E","data_publicacao":"2021-08-12","numero_origem_externa":"013","ano_origem_externa":2021,"data_origem_externa":"2021-04-27","apelido":"","dias_prazo":null,"data_fim_prazo":null,"em_tramitacao":true,"polemica":false,"objeto":"","complementar":true,"ementa":"Exm\u00ba. Sr\u00ba. Presidente da C\u00e2mara Municipal de Pocon\u00e9-MT.\r\n\r\nA Vereadora que a esta subscreve, nos termos do Regimento Interno da\r\nCasa, INDICA as Suas Excel\u00eancias Senhores Ata\u00edl Marques do Amaral, Prefeito\r\nMunicipal, Ney Rondon Marques, Secret\u00e1rio de Infraestrutura, no sentido de formalizar\r\nentendimentos e tomadas de provid\u00eancias para regularizar o sistema de ilumina\u00e7\u00e3o\r\np\u00fablica da Via P\u00fablica que nasce na MT Zelito Dorileo/Transpantaneira, com coloca\u00e7\u00e3o\r\nde bra\u00e7o com lumin\u00e1ria em frente ao estabelecimento artesanal \u201cKalu do Pantanal\u201d,\r\ncidade de Pocon\u00e9-MT.","indexacao":"","observacao":"","resultado":"","texto_original":"http://sapl.pocone.mt.leg.br/media/sapl/public/materialegislativa/2021/1334/indicacao_no_013-2021..pdf","data_ultima_atualizacao":"2021-08-12T13:41:02.372256-03:00","ip":"201.71.140.251","ultima_edicao":"2021-08-12T13:40:24.085960-03:00","tipo":7,"regime_tramitacao":1,"tipo_origem_externa":7,"local_origem_externa":1,"user":7,"anexadas":[],"autores":[28]}