{"id":1321,"__str__":"INDICA\u00c7\u00d5ES n\u00ba 155 de 2021","link_detail_backend":"/materia/1321","metadata":{},"numero":155,"ano":2021,"numero_protocolo":null,"data_apresentacao":"2021-04-20","tipo_apresentacao":"E","data_publicacao":"2021-08-12","numero_origem_externa":"011","ano_origem_externa":2021,"data_origem_externa":"2021-04-20","apelido":"","dias_prazo":null,"data_fim_prazo":null,"em_tramitacao":true,"polemica":false,"objeto":"","complementar":true,"ementa":"Exm\u00ba. Sr\u00ba. Presidente da C\u00e2mara Municipal de Pocon\u00e9-MT.\r\n Os Vereadores que a este subscrevem, nos termos do Regimento Interno da\r\nCasa, ouvindo o Plen\u00e1rio, INDICAM as Suas Excel\u00eancias, Ata\u00edl Marques do Amaral,\r\nPrefeito Municipal, Ney Rondon Marques, Secret\u00e1rio Municipal de Infraestrutura, no\r\nsentido de buscar entendimentos e tomadas de provid\u00eancias para construir Redutor de\r\nVelocidade e Faixa de Pedestre na Rua Esperidi\u00e3o Costa Marques, proximidades da\r\nGaleria INNOVA, centro cidade de Pocon\u00e9.","indexacao":"","observacao":"","resultado":"","texto_original":"http://sapl.pocone.mt.leg.br/media/sapl/public/materialegislativa/2021/1321/indicacao_-_no__011-2021..pdf","data_ultima_atualizacao":"2021-08-12T13:25:23.012499-03:00","ip":"201.71.140.251","ultima_edicao":"2021-08-12T13:24:45.995022-03:00","tipo":7,"regime_tramitacao":1,"tipo_origem_externa":7,"local_origem_externa":1,"user":7,"anexadas":[],"autores":[22]}