{"id":1317,"__str__":"INDICA\u00c7\u00d5ES n\u00ba 151 de 2021","link_detail_backend":"/materia/1317","metadata":{},"numero":151,"ano":2021,"numero_protocolo":null,"data_apresentacao":"2021-04-13","tipo_apresentacao":"E","data_publicacao":"2021-08-12","numero_origem_externa":"007","ano_origem_externa":2021,"data_origem_externa":"2021-04-13","apelido":"","dias_prazo":null,"data_fim_prazo":null,"em_tramitacao":true,"polemica":false,"objeto":"","complementar":true,"ementa":"Exm\u00ba. Sr\u00ba. Presidente da C\u00e2mara Municipal de Pocon\u00e9-MT.\r\n Os Vereadores que a este subscrevem, nos termos do Regimento Interno da\r\nCasa, ouvindo o Plen\u00e1rio, INDICAM as Suas Excel\u00eancias, Virg\u00ednia Mendes, Primeira\r\nDama do Estado, Rosamaria Carvalho, Secret\u00e1ria de Estado de Trabalho e Assist\u00eancia\r\nSocial (Setas-MT) e Alberto Machado, Secret\u00e1rio de Estado de Cultura, Esporte e Lazer\r\n(Secel-MT, para disponibilizar aos agentes culturais ligados diretamente ou indiretamente\r\n\u00e0 rede produtiva da m\u00fasica de Pocon\u00e9, a quantidade de 100 cestas b\u00e1sicas de\r\nalimenta\u00e7\u00e3o do programa \u2018Vem Ser Mais Solid\u00e1rio \u2013 Mato Grosso Unido contra o\r\ncoronav\u00edrus\u2019.","indexacao":"","observacao":"","resultado":"","texto_original":"http://sapl.pocone.mt.leg.br/media/sapl/public/materialegislativa/2021/1317/indicacao_-_no__007-2021..pdf","data_ultima_atualizacao":"2021-08-12T13:21:48.674499-03:00","ip":"201.71.140.251","ultima_edicao":"2021-08-12T13:20:56.277106-03:00","tipo":7,"regime_tramitacao":1,"tipo_origem_externa":7,"local_origem_externa":2,"user":7,"anexadas":[],"autores":[22]}