{"id":1215,"__str__":"INDICA\u00c7\u00d5ES n\u00ba 50 de 2021","link_detail_backend":"/materia/1215","metadata":{},"numero":50,"ano":2021,"numero_protocolo":null,"data_apresentacao":"2021-02-11","tipo_apresentacao":"E","data_publicacao":"2021-02-25","numero_origem_externa":"018","ano_origem_externa":2021,"data_origem_externa":"2021-02-16","apelido":"","dias_prazo":null,"data_fim_prazo":null,"em_tramitacao":true,"polemica":false,"objeto":"","complementar":true,"ementa":"Exm\u00ba. Sr. Presidente da C\u00e2mara Municipal de Pocon\u00e9-MT.\r\n\t\r\n\r\n\r\n\r\n O Vereador que a esta subscreve, nos termos do Regimento Interno da Casa, INDICA as Suas Excel\u00eancias Ata\u00edl Marques do Amaral, Prefeito Municipal, Ilma Regina Figueiredo Arruda, Secret\u00e1ria Municipal de Sa\u00fade, no sentido de buscar entendimentos, tomadas de providencias para atender o Centro de Especialidade M\u00e9dica do munic\u00edpio de Pocon\u00e9, com a contrata\u00e7\u00e3o de um profissional fisioterapeuta, para que pacientes sejam atendidas na cidade de Pocon\u00e9.","indexacao":"","observacao":"","resultado":"","texto_original":"http://sapl.pocone.mt.leg.br/media/sapl/public/materialegislativa/2021/1215/indicacao_marcio_fernandes_-_2021_-_018.pdf","data_ultima_atualizacao":"2021-02-25T13:17:31.500429-03:00","ip":"201.71.140.251","ultima_edicao":"2021-02-25T13:16:44.257985-03:00","tipo":7,"regime_tramitacao":1,"tipo_origem_externa":7,"local_origem_externa":1,"user":7,"anexadas":[],"autores":[21]}