{"id":1191,"__str__":"INDICA\u00c7\u00d5ES n\u00ba 34 de 2021","link_detail_backend":"/materia/1191","metadata":{},"numero":34,"ano":2021,"numero_protocolo":null,"data_apresentacao":"2021-01-20","tipo_apresentacao":"E","data_publicacao":"2021-02-22","numero_origem_externa":"006","ano_origem_externa":2021,"data_origem_externa":"2021-01-26","apelido":"","dias_prazo":null,"data_fim_prazo":null,"em_tramitacao":true,"polemica":false,"objeto":"","complementar":true,"ementa":"Exm\u00ba. Sr. Presidente da C\u00e2mara Municipal de Pocon\u00e9-MT.\r\n\r\nO vereador que a esta subscreve, nos termos do Regimento Interno da Casa, INDICA as Suas Excel\u00eancias Ata\u00edl Marques do Amaral, Prefeito Municipal, Ney Rondon Marques, Secret\u00e1rio Municipal de Infraestrutura, buscar entendimentos e tomadas de provid\u00eancias para efetuar limpezas que se fazem necess\u00e1rias retirada de entulhos, ro\u00e7ada na \u00e1rea do Mini-Est\u00e1dio Juvenal Benedito da Costa \u2013 \u201cCampo do Ensaio\u201d, localizado mo bairro Cruz Preta, cidade de Pocon\u00e9 \u2013 MT.","indexacao":"","observacao":"","resultado":"","texto_original":"http://sapl.pocone.mt.leg.br/media/sapl/public/materialegislativa/2021/1191/indicacao_marcio_fernandes_-_2021_-_006.pdf","data_ultima_atualizacao":"2021-02-22T08:48:42.586861-03:00","ip":"201.71.140.251","ultima_edicao":"2021-02-22T08:32:34.966848-03:00","tipo":7,"regime_tramitacao":1,"tipo_origem_externa":7,"local_origem_externa":1,"user":7,"anexadas":[],"autores":[21]}