{"id":1190,"__str__":"INDICA\u00c7\u00d5ES n\u00ba 33 de 2021","link_detail_backend":"/materia/1190","metadata":{},"numero":33,"ano":2021,"numero_protocolo":null,"data_apresentacao":"2021-01-15","tipo_apresentacao":"E","data_publicacao":"2021-02-19","numero_origem_externa":"005","ano_origem_externa":2021,"data_origem_externa":"2021-01-19","apelido":"","dias_prazo":null,"data_fim_prazo":null,"em_tramitacao":true,"polemica":false,"objeto":"","complementar":true,"ementa":"Exm\u00ba. Sr. Presidente da C\u00e2mara Municipal de Pocon\u00e9-MT.\r\n\r\nO vereador que a esta subscreve, nos termos do Regimento Interno da Casa, INDICA a Sua Excel\u00eancia Ata\u00edl Marques do Amaral, Prefeito Municipal, a Empresa ENERGISA, buscar entendimentos e tomadas de provid\u00eancias para efetuar a complementa\u00e7\u00e3o de rede de energia el\u00e9trica com sistema de ilumina\u00e7\u00e3o p\u00fablica em toda extens\u00e3o da Rua Ana Maria Prado, bairro S\u00e3o Benedito, cidade de Pocon\u00e9 \u2013 MT.","indexacao":"","observacao":"","resultado":"","texto_original":"http://sapl.pocone.mt.leg.br/media/sapl/public/materialegislativa/2021/1190/indicacao_marcio_fernandes_-_2021_-_005.pdf","data_ultima_atualizacao":"2021-02-19T10:39:46.477201-03:00","ip":"201.71.140.251","ultima_edicao":"2021-02-19T10:37:39.340188-03:00","tipo":7,"regime_tramitacao":1,"tipo_origem_externa":7,"local_origem_externa":1,"user":7,"anexadas":[],"autores":[21]}