{"id":1160,"__str__":"INDICA\u00c7\u00d5ES n\u00ba 4 de 2021","link_detail_backend":"/materia/1160","metadata":{},"numero":4,"ano":2021,"numero_protocolo":null,"data_apresentacao":"2021-02-01","tipo_apresentacao":"E","data_publicacao":"2021-02-18","numero_origem_externa":"001","ano_origem_externa":2021,"data_origem_externa":"2021-02-01","apelido":"","dias_prazo":null,"data_fim_prazo":null,"em_tramitacao":true,"polemica":false,"objeto":"","complementar":true,"ementa":"Exm\u00ba. Sr\u00ba. Presidente da C\u00e2mara Municipal de Pocon\u00e9-MT.\r\n\r\nO Vereador que a esta subscreve, nos termos do Regimento Interno desta Casa, ouvido o Plen\u00e1rio, INDICA as Suas Excel\u00eancias os Senhores Ata\u00edl Marques do Amaral, Prefeito Municipal, Ilma Regina Figueiredo Arruda, Secret\u00e1ria Municipal de Sa\u00fade, Ney Rondon Marques, Secret\u00e1rio Municipal de Infraestrutura, no sentido de buscar entendimentos, parcerias e provid\u00eancias necess\u00e1rias para realizar servi\u00e7os de adequa\u00e7\u00e3o na estrutura f\u00edsica, urbaniza\u00e7\u00e3o e revitaliza\u00e7\u00e3o da \u00e1rea em torno da Unidade B\u00e1sica de Sa\u00fade \u2013 UBS \u201cRICARDO ELIAS NEHME\u201d, localizada na BR 070, Comunidade Rural 120, munic\u00edpio de Pocon\u00e9 \u2013 MT.","indexacao":"","observacao":"","resultado":"","texto_original":"http://sapl.pocone.mt.leg.br/media/sapl/public/materialegislativa/2021/1160/indicacao_-_ver._amarildo_-_2021_-_001.pdf","data_ultima_atualizacao":"2021-02-18T10:22:13.072174-03:00","ip":"201.71.140.251","ultima_edicao":"2021-02-18T10:20:04.809060-03:00","tipo":7,"regime_tramitacao":1,"tipo_origem_externa":7,"local_origem_externa":1,"user":7,"anexadas":[],"autores":[20]}