{"id":1112,"__str__":"MO\u00c7\u00d5ES n\u00ba 97 de 2020","link_detail_backend":"/materia/1112","metadata":{},"numero":97,"ano":2020,"numero_protocolo":null,"data_apresentacao":"2020-10-08","tipo_apresentacao":"E","data_publicacao":"2020-10-14","numero_origem_externa":"036","ano_origem_externa":2020,"data_origem_externa":"2020-10-08","apelido":"","dias_prazo":null,"data_fim_prazo":null,"em_tramitacao":false,"polemica":false,"objeto":"","complementar":true,"ementa":"A C\u00e2mara Municipal de Pocon\u00e9, Estado de Mato Grosso, atrav\u00e9s dos Vereadores que a comp\u00f5em leg\u00edtimo representante do povo poconeano apresenta condol\u00eancias aos familiares do Senhor Sebasti\u00e3o Pereira dos Santos, pelo o seu falecimento ocorrido no dia 30 de setembro de 2020.","indexacao":"","observacao":"","resultado":"","texto_original":"http://sapl.pocone.mt.leg.br/media/sapl/public/materialegislativa/2020/1112/mocao_de_pesar_no_036-2020.pdf","data_ultima_atualizacao":"2020-10-14T11:37:45.340098-03:00","ip":"201.71.140.251","ultima_edicao":"2020-10-14T11:36:25.778593-03:00","tipo":6,"regime_tramitacao":1,"tipo_origem_externa":6,"local_origem_externa":3,"user":6,"anexadas":[],"autores":[10]}