{"id":1108,"__str__":"INDICA\u00c7\u00d5ES n\u00ba 255 de 2020","link_detail_backend":"/materia/1108","metadata":{},"numero":255,"ano":2020,"numero_protocolo":null,"data_apresentacao":"2020-10-05","tipo_apresentacao":"E","data_publicacao":null,"numero_origem_externa":"052","ano_origem_externa":2020,"data_origem_externa":null,"apelido":"","dias_prazo":null,"data_fim_prazo":null,"em_tramitacao":false,"polemica":false,"objeto":"","complementar":true,"ementa":"O Vereador que a esta subscreve, nos termos do Regimento Interno da Casa, Indica a Empresa \u00c1guas de Pocon\u00e9, munic\u00edpio de Pocon\u00e9 \u2013 MT, buscar entendimentos e tomadas de providencias para instala\u00e7\u00f5es de tendas e coloca\u00e7\u00e3o de cadeiras em frente \u00e0 estrutura f\u00edsica da Empresa, para proteger a sua clientela no tempo chuvoso e tamb\u00e9m do sol, enquanto aguardam o atendimento.","indexacao":"","observacao":"","resultado":"","texto_original":"http://sapl.pocone.mt.leg.br/media/sapl/public/materialegislativa/2020/1108/indicacao_no_052-2020..pdf","data_ultima_atualizacao":"2020-10-14T11:28:53.398790-03:00","ip":"201.71.140.251","ultima_edicao":"2020-10-14T11:10:57.396181-03:00","tipo":7,"regime_tramitacao":1,"tipo_origem_externa":7,"local_origem_externa":1,"user":6,"anexadas":[],"autores":[7]}