{"id":1104,"__str__":"INDICA\u00c7\u00d5ES n\u00ba 251 de 2020","link_detail_backend":"/materia/1104","metadata":{},"numero":251,"ano":2020,"numero_protocolo":null,"data_apresentacao":"2020-10-01","tipo_apresentacao":"E","data_publicacao":"2020-10-02","numero_origem_externa":"048","ano_origem_externa":2020,"data_origem_externa":"2020-10-01","apelido":"","dias_prazo":null,"data_fim_prazo":null,"em_tramitacao":false,"polemica":false,"objeto":"","complementar":true,"ementa":"O Vereador que a este subscreve, nos termos do Regimento Interno da Casa, ouvindo o Plen\u00e1rio, INDICA as Suas Excel\u00eancias os Senhores Ata\u00edl Marques do Amaral, Prefeito Municipal, Senhora Danielle Assis, Secret\u00e1ria Municipal de Meio Ambiente, a Empresa \u00c1guas de Pocon\u00e9, no sentido de buscar entendimentos e tomadas de provid\u00eancias visando estudo, elabora\u00e7\u00e3o de projetos","indexacao":"","observacao":"","resultado":"","texto_original":"http://sapl.pocone.mt.leg.br/media/sapl/public/materialegislativa/2020/1104/indicacao_no_048-2020..pdf","data_ultima_atualizacao":"2020-10-14T10:48:35.075989-03:00","ip":"201.71.140.251","ultima_edicao":"2020-10-14T10:47:32.812341-03:00","tipo":7,"regime_tramitacao":1,"tipo_origem_externa":7,"local_origem_externa":1,"user":6,"anexadas":[],"autores":[7]}