{"id":1071,"__str__":"REQUERIMENTOS COMUNS n\u00ba 32 de 2020","link_detail_backend":"/materia/1071","metadata":{},"numero":32,"ano":2020,"numero_protocolo":null,"data_apresentacao":"2020-09-11","tipo_apresentacao":"E","data_publicacao":"2020-09-21","numero_origem_externa":"005","ano_origem_externa":2020,"data_origem_externa":"2020-09-11","apelido":"","dias_prazo":null,"data_fim_prazo":null,"em_tramitacao":false,"polemica":false,"objeto":"","complementar":true,"ementa":"A Vereadora que a este subscreve, nos termos do Regimento Interno da Casa, ouvido o Plen\u00e1rio, REQUER a Mesa Diretora sejam oficializadas as Suas Excel\u00eancias Prefeito Municipal Ata\u00edl Marques do Amaral, Secret\u00e1ria Municipal de Sa\u00fade, Senhora Ilma Regina Figueiredo Arruda, Presidenta do SISMUP, Senhora Lucimeire de F\u00e1tima Bastos Souza, no sentido de buscar entendimentos e tomadas de provid\u00eancias, para que o mesmo promova estudos e envie para aprecia\u00e7\u00e3o do Poder Legislativo Municipal, Projeto de Lei que estabelece o Plano de Cargos e  Carreiras e Remunera\u00e7\u00f5es dos Servidores Profissionais de Sa\u00fade do Munic\u00edpio \u2013 PCCS, Pocon\u00e9 - MT.","indexacao":"","observacao":"","resultado":"","texto_original":"http://sapl.pocone.mt.leg.br/media/sapl/public/materialegislativa/2020/1071/requerimento_-_005_-_vereadora_neia_-_2020.pdf","data_ultima_atualizacao":"2020-09-21T09:48:10.087136-03:00","ip":"201.71.140.251","ultima_edicao":"2020-09-21T09:47:00.471910-03:00","tipo":5,"regime_tramitacao":1,"tipo_origem_externa":5,"local_origem_externa":1,"user":6,"anexadas":[],"autores":[10]}