{"id":1062,"__str__":"MO\u00c7\u00d5ES n\u00ba 81 de 2020","link_detail_backend":"/materia/1062","metadata":{},"numero":81,"ano":2020,"numero_protocolo":null,"data_apresentacao":"2020-09-14","tipo_apresentacao":"E","data_publicacao":"2020-09-14","numero_origem_externa":"032","ano_origem_externa":2020,"data_origem_externa":"2020-09-14","apelido":"","dias_prazo":null,"data_fim_prazo":null,"em_tramitacao":false,"polemica":false,"objeto":"","complementar":true,"ementa":"A C\u00e2mara Municipal de Pocon\u00e9, Estado de Mato Grosso, atrav\u00e9s dos Vereadores que a comp\u00f5em leg\u00edtimo representante do povo poconeano apresenta condol\u00eancias aos familiares da Senhora Ozelma Eloisa de Abreu, pelo o seu falecimento ocorrido no dia 11 de setembro de 2020.","indexacao":"","observacao":"","resultado":"","texto_original":"http://sapl.pocone.mt.leg.br/media/sapl/public/materialegislativa/2020/1062/mocao_de_pesar_no_032-2020.pdf","data_ultima_atualizacao":"2020-09-17T11:13:43.638781-03:00","ip":"201.71.140.251","ultima_edicao":"2020-09-17T11:11:49.316735-03:00","tipo":6,"regime_tramitacao":1,"tipo_origem_externa":7,"local_origem_externa":3,"user":6,"anexadas":[],"autores":[10]}