{"id":1038,"__str__":"INDICA\u00c7\u00d5ES n\u00ba 213 de 2020","link_detail_backend":"/materia/1038","metadata":{},"numero":213,"ano":2020,"numero_protocolo":null,"data_apresentacao":"2020-08-31","tipo_apresentacao":"E","data_publicacao":"2020-09-02","numero_origem_externa":"039","ano_origem_externa":2020,"data_origem_externa":"2020-08-31","apelido":"","dias_prazo":null,"data_fim_prazo":null,"em_tramitacao":false,"polemica":false,"objeto":"","complementar":true,"ementa":"A Vereadora que a esta subscreve, nos termos do Regimento Interno da Casa, Indica as Suas Excel\u00eancias Senhor Ata\u00edl Marques do Amaral, Prefeito Municipal, Senhora Ilma Regina Figueiredo Arruda, Secret\u00e1ria Municipal de Sa\u00fade, a necessidade de buscar entendimentos e tomadas de provid\u00eancias para realizar contratar 01 (um) t\u00e9cnico de imobiliza\u00e7\u00e3o Ortop\u00e9dica para atender no munic\u00edpio de Pocon\u00e9-MT.","indexacao":"","observacao":"","resultado":"","texto_original":"http://sapl.pocone.mt.leg.br/media/sapl/public/materialegislativa/2020/1038/indicacao_no_039-2020.pdf","data_ultima_atualizacao":"2020-09-02T12:26:54.292029-03:00","ip":"201.71.140.251","ultima_edicao":"2020-09-02T12:25:59.984227-03:00","tipo":7,"regime_tramitacao":1,"tipo_origem_externa":7,"local_origem_externa":1,"user":6,"anexadas":[],"autores":[8]}