{"id":1028,"__str__":"INDICA\u00c7\u00d5ES n\u00ba 203 de 2020","link_detail_backend":"/materia/1028","metadata":{},"numero":203,"ano":2020,"numero_protocolo":null,"data_apresentacao":"2020-08-03","tipo_apresentacao":"E","data_publicacao":"2020-09-02","numero_origem_externa":"040","ano_origem_externa":2020,"data_origem_externa":"2020-08-03","apelido":"","dias_prazo":null,"data_fim_prazo":null,"em_tramitacao":false,"polemica":false,"objeto":"","complementar":true,"ementa":"O Vereador que a esta subscreve, nos termos do Regimento Interno da Casa, INDICA as Suas Excel\u00eancias Senhor Ata\u00edl Marques do Amaral, Prefeito Municipal, Senhor Ney Rondon Marques, Secret\u00e1rio Municipal de Infraestrutura, no sentido de buscar entendimento para viabilizar a reforma que se fazem necess\u00e1rias (telhado, cal\u00e7ada, banheiro, parte el\u00e9trica e hidr\u00e1ulica, pintura), na estrutura f\u00edsica que abriga o PREV FOGO, cidade de Pocon\u00e9/MT.","indexacao":"","observacao":"","resultado":"","texto_original":"http://sapl.pocone.mt.leg.br/media/sapl/public/materialegislativa/2020/1028/indicacao_no_040-2020..pdf","data_ultima_atualizacao":"2020-09-02T11:07:49.602255-03:00","ip":"201.71.140.251","ultima_edicao":"2020-09-02T11:06:07.221019-03:00","tipo":7,"regime_tramitacao":1,"tipo_origem_externa":7,"local_origem_externa":1,"user":6,"anexadas":[],"autores":[7]}